{"id":775,"date":"2015-02-11T18:57:14","date_gmt":"2015-02-11T18:57:14","guid":{"rendered":"http:\/\/www.boehlk.eu\/mittelalterorte\/?p=775"},"modified":"2015-07-12T12:36:00","modified_gmt":"2015-07-12T12:36:00","slug":"eine-neue-sichtweise-auf-sachsen-anhalts-geschichte","status":"publish","type":"post","link":"https:\/\/www.boehlk.eu\/mittelalterorte\/2015\/02\/11\/eine-neue-sichtweise-auf-sachsen-anhalts-geschichte\/","title":{"rendered":"Eine neue Sichtweise auf die Geschichte Sachsen-Anhalts"},"content":{"rendered":"<div class=\"wpb-content-wrapper\"><p>[vc_row][vc_column width=&#8220;2\/3&#8243;][vc_column_text]Am 11. Februar 2015 j\u00e4hrt sich die Schlacht am Welfesholz zum 900. Mal. Aus diesem Anlass m\u00f6chte ich Ihnen am heutigen Tag ein Konzept f\u00fcr eine neue historische Sicht auf unser Heimatland Sachsen-Anhalt vorstellen. Dieser Aufsatz entstand als Resultat von Gespr\u00e4chen, die ich im Nachgang an die Ver\u00f6ffentlichung meines Artikels &#8222;Anhalt800 und die Folgen: Muss Sachsen- Anhalt historisch neu gedacht werden?&#8220; (Sachsen-Anhalt Journal f\u00fcr Natur- und Heimatfreunde 4\/2014) gef\u00fchrt habe. Dabei wurde mir bewusst, dass es im Bezug auf die Begriffe &#8222;Sachsen&#8220; und &#8222;Anhalt&#8220; und ihre Rolle in der sachsen-anhaltischen Landesgeschichte viele Unklarheiten gibt.<\/p>\n<p><a href=\"http:\/\/www.boehlk.eu\/mittelalterorte\/bernburger-erbfall-als-schluesselereignis\/\"><strong>Den Aufsatz &#8222;Der Bernburger Erbfall als Schl\u00fcsselereignis&#8220; k\u00f6nnen Sie auf dieser Seite herunterladen.<\/strong><\/a>[\/vc_column_text][\/vc_column][vc_column width=&#8220;1\/3&#8243;][vc_single_image image=&#8220;776&#8243; style=&#8220;vc_box_shadow_border&#8220; border_color=&#8220;grey&#8220; img_link_target=&#8220;_self&#8220; img_size=&#8220;130&#215;130&#8243; img_link=&#8220;http:\/\/www.boehlk.eu\/mittelalterorte\/bernburger-erbfall-als-schluesselereignis\/&#8220;][\/vc_column][\/vc_row]<\/p>\n<\/div>","protected":false},"excerpt":{"rendered":"<p>Als Kernresultat dieser Arbeit kann die Erkenntnis gelten, dass es sich beim Land Sachsen-Anhalt keineswegs um ein Gebilde mit kurzer Tradition handelt. Sachsen-Anhalt ist weder &#8222;k\u00fcnstlich&#8220; noch ist die Verwendung des Begriffes &#8222;Sachsen&#8220; im Landesnamen &#8222;ungl\u00fccklich&#8220;. Ganz im Gegenteil! <a href=\"https:\/\/www.boehlk.eu\/mittelalterorte\/2015\/02\/11\/eine-neue-sichtweise-auf-sachsen-anhalts-geschichte\/\">Weiterlesen <span class=\"meta-nav\">&rarr;<\/span><\/a><\/p>\n","protected":false},"author":1,"featured_media":776,"comment_status":"open","ping_status":"open","sticky":false,"template":"","format":"standard","meta":{"footnotes":""},"categories":[1,17],"tags":[16],"class_list":["post-775","post","type-post","status-publish","format-standard","has-post-thumbnail","hentry","category-allgemein","category-mittelalterort","tag-sachsen-anhalt"],"_links":{"self":[{"href":"https:\/\/www.boehlk.eu\/mittelalterorte\/wp-json\/wp\/v2\/posts\/775","targetHints":{"allow":["GET"]}}],"collection":[{"href":"https:\/\/www.boehlk.eu\/mittelalterorte\/wp-json\/wp\/v2\/posts"}],"about":[{"href":"https:\/\/www.boehlk.eu\/mittelalterorte\/wp-json\/wp\/v2\/types\/post"}],"author":[{"embeddable":true,"href":"https:\/\/www.boehlk.eu\/mittelalterorte\/wp-json\/wp\/v2\/users\/1"}],"replies":[{"embeddable":true,"href":"https:\/\/www.boehlk.eu\/mittelalterorte\/wp-json\/wp\/v2\/comments?post=775"}],"version-history":[{"count":5,"href":"https:\/\/www.boehlk.eu\/mittelalterorte\/wp-json\/wp\/v2\/posts\/775\/revisions"}],"predecessor-version":[{"id":781,"href":"https:\/\/www.boehlk.eu\/mittelalterorte\/wp-json\/wp\/v2\/posts\/775\/revisions\/781"}],"wp:featuredmedia":[{"embeddable":true,"href":"https:\/\/www.boehlk.eu\/mittelalterorte\/wp-json\/wp\/v2\/media\/776"}],"wp:attachment":[{"href":"https:\/\/www.boehlk.eu\/mittelalterorte\/wp-json\/wp\/v2\/media?parent=775"}],"wp:term":[{"taxonomy":"category","embeddable":true,"href":"https:\/\/www.boehlk.eu\/mittelalterorte\/wp-json\/wp\/v2\/categories?post=775"},{"taxonomy":"post_tag","embeddable":true,"href":"https:\/\/www.boehlk.eu\/mittelalterorte\/wp-json\/wp\/v2\/tags?post=775"}],"curies":[{"name":"wp","href":"https:\/\/api.w.org\/{rel}","templated":true}]}}