{"id":685,"date":"2014-09-19T20:36:15","date_gmt":"2014-09-19T20:36:15","guid":{"rendered":"http:\/\/www.boehlk.eu\/mittelalterorte\/?p=685"},"modified":"2023-01-15T16:36:21","modified_gmt":"2023-01-15T15:36:21","slug":"zeitfenster-200-jahre-zurueck-schmettausches-kartenwerk-zeigt-umgebung-von-bernburg","status":"publish","type":"post","link":"https:\/\/www.boehlk.eu\/mittelalterorte\/2014\/09\/19\/zeitfenster-200-jahre-zurueck-schmettausches-kartenwerk-zeigt-umgebung-von-bernburg\/","title":{"rendered":"Zeitfenster 200 Jahre zur\u00fcck! Schmettausches Kartenwerk zeigt Umgebung von Bernburg"},"content":{"rendered":"<div class=\"wp-block-image\">\n<figure class=\"aligncenter\"><a href=\"http:\/\/www.boehlk.eu\/mittelalterorte\/files\/2014\/09\/Schmettausches-Kartenwerk-bbg-sued-top.jpg\" rel=\"lightbox[685]\"><img loading=\"lazy\" decoding=\"async\" width=\"700\" height=\"240\" src=\"http:\/\/www.boehlk.eu\/mittelalterorte\/files\/2014\/09\/Schmettausches-Kartenwerk-bbg-sued-top.jpg\" alt=\"Schmettausches-Kartenwerk-bbg-sued-top\" class=\"wp-image-686\" srcset=\"https:\/\/www.boehlk.eu\/mittelalterorte\/files\/2014\/09\/Schmettausches-Kartenwerk-bbg-sued-top.jpg 700w, https:\/\/www.boehlk.eu\/mittelalterorte\/files\/2014\/09\/Schmettausches-Kartenwerk-bbg-sued-top-300x102.jpg 300w, https:\/\/www.boehlk.eu\/mittelalterorte\/files\/2014\/09\/Schmettausches-Kartenwerk-bbg-sued-top-500x171.jpg 500w\" sizes=\"auto, (max-width: 700px) 100vw, 700px\" \/><\/a><figcaption class=\"wp-element-caption\">Karten im Besitz der Staatsbibliothek zu Berlin &#8211; Preu\u00dfischer Kulturbesitz (Genehmigung zur digitalen Ver\u00f6ffentlichung erteilt)<\/figcaption><\/figure>\n<\/div>\n\n\n<p>Einmal in eine Zeitmaschine steigen und zweihundert Jahre zur\u00fcck blicken. Diesen Wunsch haben viele Historiker. F\u00fcr Bernburg er\u00f6ffnet sich dieses \u201eZeitfenster\u201c durch einen Blick auf die Karten des \u201eSchmettauschen Kartenwerks\u201c!<\/p>\n\n\n\n<!--more-->\n\n\n\n<p>In dieser historischen topografischen Landesaufnahme erscheint die geografische Situation in einer realistischen Abbildung in hoher \u00e4sthetischer Qualit\u00e4t.<\/p>\n\n\n\n<p>Die Kartenzeichnung ist \u00e4u\u00dfert kunstvoll und verr\u00e4t viele interessante Details, wie Flussl\u00e4ufe, H\u00fcgel und Senken sowie einzelne Geb\u00e4ude, Flurnamen und W\u00fcstungen.<\/p>\n\n\n\n<p>Bemerkenswert f\u00fcr die Bernburger Gegend ist beispielsweise die korrekte Angabe der Lage der heute nicht mehr sichtbaren Zernitzer Peterskirche bei Gr\u00f6na.<\/p>\n\n\n\n<p>Gehen Sie auf die Reise durch die Umgebung Bernburgs vor 200 Jahren!<\/p>\n\n\n\n<h2 class=\"wp-block-heading\">Ausschnitt Bernburg aus dem Schmettauschen Kartenwerk&nbsp;Blatt 107<\/h2>\n\n\n\n<p><em><span style=\"color: #008080;\">Karten im Besitz der Staatsbibliothek zu Berlin &#8211; Preu\u00dfischer Kulturbesitz (Genehmigung zur digitalen Ver\u00f6ffentlichung erteilt)<\/span><\/em><\/p>\n\n\n<style>\n       .errordiv { padding:10px; margin:10px; border: 1px solid #555555;color: #000000;background-color: #f8f8f8; width:500px; }#advanced_iframe {visibility:visible;opacity:1;vertical-align:top;}.ai-info-bottom-iframe { position: fixed; z-index: 10000; bottom:0; left: 0; margin: 0px; text-align: center; width: 100%; background-color: #ff9999; padding-left: 5px;padding-bottom: 5px; border-top: 1px solid #aaa } a.ai-bold {font-weight: bold;}#ai-layer-div-advanced_iframe p {height:100%;margin:0;padding:0}<\/style><script type=\"text\/javascript\">var ai_iframe_width_advanced_iframe = 0;var ai_iframe_height_advanced_iframe = 0;var aiOnloadScrollTop=\"true\";var aiShowDebug=false;\n\t\tif (typeof aiReadyCallbacks === 'undefined') {\n\t\t\tvar aiReadyCallbacks = [];\n\t\t} else if (!(aiReadyCallbacks instanceof Array)) {\n\t\t\tvar aiReadyCallbacks = [];\n\t\t}    function aiShowIframeId(id_iframe) { jQuery(\"#\"+id_iframe).css(\"visibility\", \"visible\");    }    function aiResizeIframeHeight(height) { aiResizeIframeHeight(height,advanced_iframe); }    function aiResizeIframeHeightId(height,width,id) {aiResizeIframeHeightById(id,height);}<\/script><iframe id=\"advanced_iframe\"  name=\"advanced_iframe\"  src=\"https:\/\/www.gigapan.com\/embeds\/Y00cfjUwK1Q\/\"  width=\"100%\"  height=\"480\"  scrolling=\"no\"  frameborder=\"0\"  border=\"0\"  allowtransparency=\"true\"  loading=\"lazy\"  style=\";border-width: 0px;;border: none;;width:100%;height:480px;\"  allowfullscreen ><\/iframe><script type=\"text\/javascript\">var ifrm_advanced_iframe = document.getElementById(\"advanced_iframe\");var hiddenTabsDoneadvanced_iframe = false;\nfunction resizeCallbackadvanced_iframe() {}<\/script><script type=\"text\/javascript\"><\/script><p style=\"display:block !important; visibility:visible !important;margin: -18px 14px 0 0;padding-left: 3px;padding-top:3px;background: white; overflow: hidden; position: relative; line-height:15px;width: fit-content;\"><small style=\"display:block !important;visibility:visible !important\">powered by Advanced iFrame<\/small><\/p>\n\n\n\n<h2 class=\"wp-block-heading\">Schmettausche Kartenwerk<\/h2>\n\n\n\n<p><span style=\"color: #339966;\"><em>Das Schmettausche Kartenwerk wurde unter der Leitung des preu\u00dfischen Offiziers und Kartographen Friedrich Wilhelm Karl Graf von Schmettau in den Jahren 1767 bis 1787 erstellt. Die topographischen Aufnahmen zu diesem Kartenwerk wurden systematisch f\u00fcr das damalige preu\u00dfische Staatsgebiet \u00f6stlich der Weser aufgenommen und gezeichnet.<\/em><\/span><\/p>\n\n\n\n<p><span style=\"color: #339966;\"><em>Friedrich der Gro\u00dfe hatte gegen dieses Projekt Bedenken. Schmettau erstellte das Werk auf eigene Initiative und wurde von Friedrich Wilhelm II. und dem Minister Friedrich Wilhelm Graf von der Schulenburg-Kehnert gef\u00f6rdert, die es bef\u00fcrworteten. Es entstanden 270 Sektionen (Bl\u00e4tter) in den Abmessungen 97 cm x 64 cm im Ma\u00dfstab 1: 50 000.<\/em><\/span><\/p>\n\n\n\n<p><span style=\"color: #339966;\"><em>Sie befinden sich heute im Besitz der Staatsbibliothek zu Berlin &#8211; Preu\u00dfischer Kulturbesitz.<\/em><\/span><\/p>\n\n\n\n<p><em><span style=\"color: #339966;\">Quelle: Wikipedia<\/span> (<a href=\"http:\/\/de.wikipedia.org\/wiki\/Schmettausches_Kartenwerk\">http:\/\/de.wikipedia.org\/wiki\/Schmettausches_Kartenwerk<\/a>)<\/em><\/p>\n","protected":false},"excerpt":{"rendered":"<p>Einmal in eine Zeitmaschine steigen und zweihundert Jahre zur\u00fcck blicken. Diesen Wunsch haben viele Historiker. F\u00fcr Bernburg er\u00f6ffnet sich dieses \u201eZeitfenster\u201c durch einen Blick auf die Karten des \u201eSchmettauschen Kartenwerks\u201c!<\/p>\n","protected":false},"author":1,"featured_media":686,"comment_status":"open","ping_status":"open","sticky":false,"template":"","format":"standard","meta":{"footnotes":""},"categories":[1,17],"tags":[],"class_list":["post-685","post","type-post","status-publish","format-standard","has-post-thumbnail","hentry","category-allgemein","category-mittelalterort"],"_links":{"self":[{"href":"https:\/\/www.boehlk.eu\/mittelalterorte\/wp-json\/wp\/v2\/posts\/685","targetHints":{"allow":["GET"]}}],"collection":[{"href":"https:\/\/www.boehlk.eu\/mittelalterorte\/wp-json\/wp\/v2\/posts"}],"about":[{"href":"https:\/\/www.boehlk.eu\/mittelalterorte\/wp-json\/wp\/v2\/types\/post"}],"author":[{"embeddable":true,"href":"https:\/\/www.boehlk.eu\/mittelalterorte\/wp-json\/wp\/v2\/users\/1"}],"replies":[{"embeddable":true,"href":"https:\/\/www.boehlk.eu\/mittelalterorte\/wp-json\/wp\/v2\/comments?post=685"}],"version-history":[{"count":10,"href":"https:\/\/www.boehlk.eu\/mittelalterorte\/wp-json\/wp\/v2\/posts\/685\/revisions"}],"predecessor-version":[{"id":1185,"href":"https:\/\/www.boehlk.eu\/mittelalterorte\/wp-json\/wp\/v2\/posts\/685\/revisions\/1185"}],"wp:featuredmedia":[{"embeddable":true,"href":"https:\/\/www.boehlk.eu\/mittelalterorte\/wp-json\/wp\/v2\/media\/686"}],"wp:attachment":[{"href":"https:\/\/www.boehlk.eu\/mittelalterorte\/wp-json\/wp\/v2\/media?parent=685"}],"wp:term":[{"taxonomy":"category","embeddable":true,"href":"https:\/\/www.boehlk.eu\/mittelalterorte\/wp-json\/wp\/v2\/categories?post=685"},{"taxonomy":"post_tag","embeddable":true,"href":"https:\/\/www.boehlk.eu\/mittelalterorte\/wp-json\/wp\/v2\/tags?post=685"}],"curies":[{"name":"wp","href":"https:\/\/api.w.org\/{rel}","templated":true}]}}