{"id":615,"date":"2014-01-20T10:42:23","date_gmt":"2014-01-20T10:42:23","guid":{"rendered":"http:\/\/www.boehlk.eu\/mittelalterorte\/?p=615"},"modified":"2015-07-12T12:20:14","modified_gmt":"2015-07-12T12:20:14","slug":"die-kirche-st-petri-in-groena","status":"publish","type":"post","link":"https:\/\/www.boehlk.eu\/mittelalterorte\/2014\/01\/20\/die-kirche-st-petri-in-groena\/","title":{"rendered":"Die Kirche St. Petri in Gr\u00f6na"},"content":{"rendered":"<p><a href=\"http:\/\/www.boehlk.eu\/mittelalterorte\/st-petri-groena\/\"><img loading=\"lazy\" decoding=\"async\" class=\"alignright size-full wp-image-616\" alt=\"top200-20131212-\" src=\"http:\/\/www.boehlk.eu\/mittelalterorte\/files\/2014\/01\/top200-20131212-.jpg\" width=\"130\" height=\"130\" \/><\/a>Die Kirche St. Petri in Gr\u00f6na wurde erst kurz nach dem Jahr 1700 an dieser Stelle neu errichtet. Doch woher stammen die beiden mittelalterlichen Glocken?<br \/>\nDie Geschichte der Glocken dieser Kirche f\u00fchrt weit in die Vergangenheit und zu den Anf\u00e4ngen des Christentums in gro\u00dfen Teilen unseres Gebietes.<\/p>\n<p><a title=\"Glocken f\u00fchren in die Vergangenheit \u2013 die Gr\u00f6naer Kirche St. Petri\" href=\"http:\/\/www.boehlk.eu\/mittelalterorte\/st-petri-groena\/\">Lesen Sie hier den Beitrag zur Geschichte der Zernitzer Peterskirche<\/a><\/p>\n","protected":false},"excerpt":{"rendered":"<p>Die Kirche St. Petri in Gr\u00f6na wurde erst kurz nach dem Jahr 1700 an dieser Stelle neu errichtet. Doch woher stammen die beiden mittelalterlichen Glocken? Die Geschichte der Glocken dieser Kirche f\u00fchrt weit in die Vergangenheit und zu den Anf\u00e4ngen &hellip; <a href=\"https:\/\/www.boehlk.eu\/mittelalterorte\/2014\/01\/20\/die-kirche-st-petri-in-groena\/\">Weiterlesen <span class=\"meta-nav\">&rarr;<\/span><\/a><\/p>\n","protected":false},"author":1,"featured_media":616,"comment_status":"open","ping_status":"open","sticky":false,"template":"","format":"standard","meta":{"footnotes":""},"categories":[1,17],"tags":[],"class_list":["post-615","post","type-post","status-publish","format-standard","has-post-thumbnail","hentry","category-allgemein","category-mittelalterort"],"_links":{"self":[{"href":"https:\/\/www.boehlk.eu\/mittelalterorte\/wp-json\/wp\/v2\/posts\/615","targetHints":{"allow":["GET"]}}],"collection":[{"href":"https:\/\/www.boehlk.eu\/mittelalterorte\/wp-json\/wp\/v2\/posts"}],"about":[{"href":"https:\/\/www.boehlk.eu\/mittelalterorte\/wp-json\/wp\/v2\/types\/post"}],"author":[{"embeddable":true,"href":"https:\/\/www.boehlk.eu\/mittelalterorte\/wp-json\/wp\/v2\/users\/1"}],"replies":[{"embeddable":true,"href":"https:\/\/www.boehlk.eu\/mittelalterorte\/wp-json\/wp\/v2\/comments?post=615"}],"version-history":[{"count":2,"href":"https:\/\/www.boehlk.eu\/mittelalterorte\/wp-json\/wp\/v2\/posts\/615\/revisions"}],"predecessor-version":[{"id":618,"href":"https:\/\/www.boehlk.eu\/mittelalterorte\/wp-json\/wp\/v2\/posts\/615\/revisions\/618"}],"wp:featuredmedia":[{"embeddable":true,"href":"https:\/\/www.boehlk.eu\/mittelalterorte\/wp-json\/wp\/v2\/media\/616"}],"wp:attachment":[{"href":"https:\/\/www.boehlk.eu\/mittelalterorte\/wp-json\/wp\/v2\/media?parent=615"}],"wp:term":[{"taxonomy":"category","embeddable":true,"href":"https:\/\/www.boehlk.eu\/mittelalterorte\/wp-json\/wp\/v2\/categories?post=615"},{"taxonomy":"post_tag","embeddable":true,"href":"https:\/\/www.boehlk.eu\/mittelalterorte\/wp-json\/wp\/v2\/tags?post=615"}],"curies":[{"name":"wp","href":"https:\/\/api.w.org\/{rel}","templated":true}]}}