{"id":576,"date":"2013-10-05T16:29:40","date_gmt":"2013-10-05T16:29:40","guid":{"rendered":"http:\/\/www.boehlk.eu\/mittelalterorte\/?p=576"},"modified":"2015-07-12T12:20:14","modified_gmt":"2015-07-12T12:20:14","slug":"gab-es-die-bastion-des-bernburger-schlosses-schon-vor-der-orangerie","status":"publish","type":"post","link":"https:\/\/www.boehlk.eu\/mittelalterorte\/2013\/10\/05\/gab-es-die-bastion-des-bernburger-schlosses-schon-vor-der-orangerie\/","title":{"rendered":"Gab es die &#8222;Bastion&#8220; des Bernburger Schlosses schon vor der Orangerie?"},"content":{"rendered":"<p><a href=\"http:\/\/www.boehlk.eu\/mittelalterorte\/2013\/10\/05\/gab-es-die-bastion-des-bernburger-schlosses-schon-vor-der-orangerie\/\"><img loading=\"lazy\" decoding=\"async\" class=\"alignright size-thumbnail wp-image-580\" alt=\"Federzeichnung-Schloss-Bernburg-udn-Bergstadt-um-1700-icon\" src=\"http:\/\/www.boehlk.eu\/mittelalterorte\/files\/2013\/10\/Federzeichnung-Schloss-Bernburg-udn-Bergstadt-um-1700-icon-150x150.jpg\" width=\"150\" height=\"150\" srcset=\"https:\/\/www.boehlk.eu\/mittelalterorte\/files\/2013\/10\/Federzeichnung-Schloss-Bernburg-udn-Bergstadt-um-1700-icon-150x150.jpg 150w, https:\/\/www.boehlk.eu\/mittelalterorte\/files\/2013\/10\/Federzeichnung-Schloss-Bernburg-udn-Bergstadt-um-1700-icon-300x300.jpg 300w, https:\/\/www.boehlk.eu\/mittelalterorte\/files\/2013\/10\/Federzeichnung-Schloss-Bernburg-udn-Bergstadt-um-1700-icon-144x144.jpg 144w, https:\/\/www.boehlk.eu\/mittelalterorte\/files\/2013\/10\/Federzeichnung-Schloss-Bernburg-udn-Bergstadt-um-1700-icon.jpg 451w\" sizes=\"auto, (max-width: 150px) 100vw, 150px\" \/><\/a>Am 03.10.2013 wurde die sogenannte &#8222;Bastion&#8220; am Bernburger Schloss, unterhalb des ehemaligen Orangeriegeb\u00e4udes (Sporthalle Carolinum) im Rahmen des &#8222;T\u00fcr\u00f6ffner-Tages&#8220; der interessierten \u00d6ffentlichkeit zug\u00e4nglich gemacht.<\/p>\n<p>Doch handelt es sich bei der &#8222;Bastion&#8220; wirklich nur um das Fundament des barocken Orangerie-Bauwerkes?<!--more--><\/p>\n<p>In dem aus diesem Anlass am 04.10.2013 erschienenen MZ-Presseartikel &#8222;<a title=\"MZ-Artikel vom 04.10.2013\" href=\"http:\/\/www.mz-web.de\/bernburg\/aktionstag-gestillte-neugier-in-der-bastion,20640898,24533914.html\" target=\"_blank\">Gestillte Neugier in der Bastion<\/a>&#8220;\u00a0hie\u00df es zur Geschichte des Bauwerks: &#8222;Die Bastion war wie die dar\u00fcber liegende Orangerie im Jahr 1730 errichtet worden, quasi als ihr Fundament.&#8220;<\/p>\n<p>Zwei historische Abbildungen belegen jedoch, dass ein der heutigen Bastion \u00e4hnliches Geb\u00e4ude bereits vor der Erbauung der Orangerie bestanden haben muss.<\/p>\n<p>Vielleicht verdient das heutige Geb\u00e4ude damit seinen Spitznamen &#8222;Bastion&#8220; durchaus zu recht und stellt doch mehr dar, als nur das beeindruckende Fundament eines Geb\u00e4udes.<\/p>\n<div id=\"attachment_577\" style=\"width: 777px\" class=\"wp-caption aligncenter\"><a href=\"http:\/\/www.boehlk.eu\/mittelalterorte\/files\/2013\/10\/Stich-Bernburg-Bastion-am-Schloss.jpg\" rel=\"lightbox[576]\"><img loading=\"lazy\" decoding=\"async\" aria-describedby=\"caption-attachment-577\" class=\"size-full wp-image-577\" alt=\"Ein im Museum Schloss Bernburg ausgestellte Abbildung zeigt Schloss und Stadt Bernburg um das Jahr 1708 (barockes Br\u00fcckentor und ist bereits vorhanden). Das Halbrund der &quot;Bastion&quot; ist deutlich zu erkennen. Ihre Mauerkrone ist unregelm\u00e4\u00dfig und zeigt Bewuchs.\" src=\"http:\/\/www.boehlk.eu\/mittelalterorte\/files\/2013\/10\/Stich-Bernburg-Bastion-am-Schloss.jpg\" width=\"767\" height=\"654\" srcset=\"https:\/\/www.boehlk.eu\/mittelalterorte\/files\/2013\/10\/Stich-Bernburg-Bastion-am-Schloss.jpg 767w, https:\/\/www.boehlk.eu\/mittelalterorte\/files\/2013\/10\/Stich-Bernburg-Bastion-am-Schloss-300x255.jpg 300w, https:\/\/www.boehlk.eu\/mittelalterorte\/files\/2013\/10\/Stich-Bernburg-Bastion-am-Schloss-351x300.jpg 351w\" sizes=\"auto, (max-width: 767px) 100vw, 767px\" \/><\/a><p id=\"caption-attachment-577\" class=\"wp-caption-text\">Ein im Museum Schloss Bernburg ausgestellte Abbildung zeigt Schloss und Stadt Bernburg um das Jahr 1708 (barockes Br\u00fcckentor ist bereits vorhanden). Das Halbrund der &#8222;Bastion&#8220; ist deutlich zu erkennen, ihre Mauerkrone ist unregelm\u00e4\u00dfig und zeigt Bewuchs.<\/p><\/div>\n<div id=\"attachment_578\" style=\"width: 710px\" class=\"wp-caption aligncenter\"><a href=\"http:\/\/www.boehlk.eu\/mittelalterorte\/files\/2013\/10\/Federzeichnung-Bernburg-Bastion-am-Schloss.jpg\" rel=\"lightbox[576]\"><img loading=\"lazy\" decoding=\"async\" aria-describedby=\"caption-attachment-578\" class=\"size-full wp-image-578\" alt=\"Der gleiche Bildausschnitt in einer vielleicht schon vor dem Stadtbrand im Jahr 1689 entstandenen Federzeichnung. Auch hier ist der Bewuchs deutlich zu erkennen. Quelle: B\u00f6hlk, Olaf (2011): &quot;Auf den Spuren der Gotik&quot; S. 79\" src=\"http:\/\/www.boehlk.eu\/mittelalterorte\/files\/2013\/10\/Federzeichnung-Bernburg-Bastion-am-Schloss.jpg\" width=\"700\" height=\"569\" srcset=\"https:\/\/www.boehlk.eu\/mittelalterorte\/files\/2013\/10\/Federzeichnung-Bernburg-Bastion-am-Schloss.jpg 700w, https:\/\/www.boehlk.eu\/mittelalterorte\/files\/2013\/10\/Federzeichnung-Bernburg-Bastion-am-Schloss-300x243.jpg 300w, https:\/\/www.boehlk.eu\/mittelalterorte\/files\/2013\/10\/Federzeichnung-Bernburg-Bastion-am-Schloss-369x300.jpg 369w\" sizes=\"auto, (max-width: 700px) 100vw, 700px\" \/><\/a><p id=\"caption-attachment-578\" class=\"wp-caption-text\">Der gleiche Bildausschnitt in einer vielleicht schon vor dem Stadtbrand im Jahr 1689 entstandenen Federzeichnung. Sie k\u00f6nnte als Vorlage f\u00fcr einen Teil des oben gezeigten Stiches gedient haben.<br \/>Auch hier ist der Bewuchs deutlich zu erkennen. Quelle: B\u00f6hlk, Olaf (2011): &#8222;Auf den<br \/>Spuren der Gotik&#8220; S. 79<\/p><\/div>\n<p>&nbsp;<\/p>\n","protected":false},"excerpt":{"rendered":"<p>Am 03.10.2013 wurde die sogenannte &#8222;Bastion&#8220; am Bernburger Schloss, unterhalb des ehemaligen Orangeriegeb\u00e4udes (Sporthalle Carolinum) im Rahmen des &#8222;T\u00fcr\u00f6ffner-Tages&#8220; der interessierten \u00d6ffentlichkeit zug\u00e4nglich gemacht. Doch handelt es sich bei der &#8222;Bastion&#8220; wirklich nur um das Fundament des barocken Orangerie-Bauwerkes?<\/p>\n","protected":false},"author":1,"featured_media":580,"comment_status":"open","ping_status":"open","sticky":false,"template":"","format":"standard","meta":{"footnotes":""},"categories":[1,17],"tags":[6],"class_list":["post-576","post","type-post","status-publish","format-standard","has-post-thumbnail","hentry","category-allgemein","category-mittelalterort","tag-bernburg"],"_links":{"self":[{"href":"https:\/\/www.boehlk.eu\/mittelalterorte\/wp-json\/wp\/v2\/posts\/576","targetHints":{"allow":["GET"]}}],"collection":[{"href":"https:\/\/www.boehlk.eu\/mittelalterorte\/wp-json\/wp\/v2\/posts"}],"about":[{"href":"https:\/\/www.boehlk.eu\/mittelalterorte\/wp-json\/wp\/v2\/types\/post"}],"author":[{"embeddable":true,"href":"https:\/\/www.boehlk.eu\/mittelalterorte\/wp-json\/wp\/v2\/users\/1"}],"replies":[{"embeddable":true,"href":"https:\/\/www.boehlk.eu\/mittelalterorte\/wp-json\/wp\/v2\/comments?post=576"}],"version-history":[{"count":9,"href":"https:\/\/www.boehlk.eu\/mittelalterorte\/wp-json\/wp\/v2\/posts\/576\/revisions"}],"predecessor-version":[{"id":589,"href":"https:\/\/www.boehlk.eu\/mittelalterorte\/wp-json\/wp\/v2\/posts\/576\/revisions\/589"}],"wp:featuredmedia":[{"embeddable":true,"href":"https:\/\/www.boehlk.eu\/mittelalterorte\/wp-json\/wp\/v2\/media\/580"}],"wp:attachment":[{"href":"https:\/\/www.boehlk.eu\/mittelalterorte\/wp-json\/wp\/v2\/media?parent=576"}],"wp:term":[{"taxonomy":"category","embeddable":true,"href":"https:\/\/www.boehlk.eu\/mittelalterorte\/wp-json\/wp\/v2\/categories?post=576"},{"taxonomy":"post_tag","embeddable":true,"href":"https:\/\/www.boehlk.eu\/mittelalterorte\/wp-json\/wp\/v2\/tags?post=576"}],"curies":[{"name":"wp","href":"https:\/\/api.w.org\/{rel}","templated":true}]}}