{"id":1164,"date":"2021-01-18T11:00:00","date_gmt":"2021-01-18T10:00:00","guid":{"rendered":"http:\/\/www.boehlk.eu\/mittelalterorte\/?p=1164"},"modified":"2021-01-18T11:01:01","modified_gmt":"2021-01-18T10:01:01","slug":"till-eulenspiegel-aus-bernburger-perspektive","status":"publish","type":"post","link":"https:\/\/www.boehlk.eu\/mittelalterorte\/2021\/01\/18\/till-eulenspiegel-aus-bernburger-perspektive\/","title":{"rendered":"Till Eulenspiegel aus Bernburger Perspektive"},"content":{"rendered":"\n<p>Die Saalestadt Bernburg verf\u00fcgt \u00fcber ein besonderes Verh\u00e4ltnis zur literarischen Figur Till Eulenspiegel: Niemand Geringeres als die Bernburger Anhaltiner sorgten daf\u00fcr, dass der Schauplatz der bekannten Turmbl\u00e4ser-Historie auf das Bernburger Schloss verlegt wurde. Welche Folgen hatte dieses fr\u00fche Beispiel der Etablierung eines Literaturtourismus-Ortes und in welcher Beziehung steht das Stra\u00dfburger \u201eEulenspiegel-Projekt\u201c zu Hieronymus Bosch?<\/p>\n<p>Hier geht es zum Text: <a href=\"https:\/\/music-a-vera.de\/grusskarte2019\/\">https:\/\/music-a-vera.de\/grusskarte2019\/<\/a><\/p>\n","protected":false},"excerpt":{"rendered":"<p>Die Saalestadt Bernburg verf\u00fcgt \u00fcber ein besonderes Verh\u00e4ltnis zur literarischen Figur Till Eulenspiegel: Niemand Geringeres als die Bernburger Anhaltiner sorgten daf\u00fcr, dass der Schauplatz der bekannten Turmbl\u00e4ser-Historie auf das Bernburger Schloss verlegt wurde. Welche Folgen hatte dieses fr\u00fche Beispiel der &hellip; <a href=\"https:\/\/www.boehlk.eu\/mittelalterorte\/2021\/01\/18\/till-eulenspiegel-aus-bernburger-perspektive\/\">Weiterlesen <span class=\"meta-nav\">&rarr;<\/span><\/a><\/p>\n","protected":false},"author":1,"featured_media":1165,"comment_status":"closed","ping_status":"closed","sticky":false,"template":"","format":"standard","meta":{"footnotes":""},"categories":[17],"tags":[],"class_list":["post-1164","post","type-post","status-publish","format-standard","has-post-thumbnail","hentry","category-mittelalterort"],"_links":{"self":[{"href":"https:\/\/www.boehlk.eu\/mittelalterorte\/wp-json\/wp\/v2\/posts\/1164","targetHints":{"allow":["GET"]}}],"collection":[{"href":"https:\/\/www.boehlk.eu\/mittelalterorte\/wp-json\/wp\/v2\/posts"}],"about":[{"href":"https:\/\/www.boehlk.eu\/mittelalterorte\/wp-json\/wp\/v2\/types\/post"}],"author":[{"embeddable":true,"href":"https:\/\/www.boehlk.eu\/mittelalterorte\/wp-json\/wp\/v2\/users\/1"}],"replies":[{"embeddable":true,"href":"https:\/\/www.boehlk.eu\/mittelalterorte\/wp-json\/wp\/v2\/comments?post=1164"}],"version-history":[{"count":1,"href":"https:\/\/www.boehlk.eu\/mittelalterorte\/wp-json\/wp\/v2\/posts\/1164\/revisions"}],"predecessor-version":[{"id":1166,"href":"https:\/\/www.boehlk.eu\/mittelalterorte\/wp-json\/wp\/v2\/posts\/1164\/revisions\/1166"}],"wp:featuredmedia":[{"embeddable":true,"href":"https:\/\/www.boehlk.eu\/mittelalterorte\/wp-json\/wp\/v2\/media\/1165"}],"wp:attachment":[{"href":"https:\/\/www.boehlk.eu\/mittelalterorte\/wp-json\/wp\/v2\/media?parent=1164"}],"wp:term":[{"taxonomy":"category","embeddable":true,"href":"https:\/\/www.boehlk.eu\/mittelalterorte\/wp-json\/wp\/v2\/categories?post=1164"},{"taxonomy":"post_tag","embeddable":true,"href":"https:\/\/www.boehlk.eu\/mittelalterorte\/wp-json\/wp\/v2\/tags?post=1164"}],"curies":[{"name":"wp","href":"https:\/\/api.w.org\/{rel}","templated":true}]}}