{"id":968,"date":"2011-10-27T22:52:27","date_gmt":"2011-10-27T20:52:27","guid":{"rendered":"http:\/\/www.boehlk.eu\/bernburger-freiheit\/?p=968"},"modified":"2013-11-19T19:21:33","modified_gmt":"2013-11-19T18:21:33","slug":"einwohnerzahl-sinkt-stadtrat-winkt","status":"publish","type":"post","link":"https:\/\/www.boehlk.eu\/bernburger-freiheit\/2011\/10\/27\/einwohnerzahl-sinkt-stadtrat-winkt\/","title":{"rendered":"Einwohnerzahl sinkt, Stadtrat winkt &#8230;"},"content":{"rendered":"<figure id=\"attachment_969\" aria-describedby=\"caption-attachment-969\" style=\"width: 300px\" class=\"wp-caption alignright\"><a title=\"Wegweiser Kommune f\u00fcr Bernburg (Saale)\" href=\"http:\/\/www.wegweiser-kommune.de\/datenprognosen\/prognose\/Prognose.action?renderDashboardPDF&amp;gkz=15089030&amp;execparam.--browserwidth=780&amp;pdffilename=dashboard.pdf\" target=\"_blank\"><img loading=\"lazy\" decoding=\"async\" class=\"size-medium wp-image-969\" src=\"http:\/\/www.boehlk.eu\/bernburger-freiheit\/files\/2011\/10\/bevoelkerungsentwicklung-bernburg-2030-300x159.png\" alt=\"Grafik Bev\u00f6lkerungsentwicklung in Bernburg bis 2030\" width=\"300\" height=\"159\" srcset=\"https:\/\/www.boehlk.eu\/bernburger-freiheit\/files\/2011\/10\/bevoelkerungsentwicklung-bernburg-2030-300x159.png 300w, https:\/\/www.boehlk.eu\/bernburger-freiheit\/files\/2011\/10\/bevoelkerungsentwicklung-bernburg-2030-500x265.png 500w, https:\/\/www.boehlk.eu\/bernburger-freiheit\/files\/2011\/10\/bevoelkerungsentwicklung-bernburg-2030.png 800w\" sizes=\"auto, (max-width: 300px) 100vw, 300px\" \/><\/a><figcaption id=\"caption-attachment-969\" class=\"wp-caption-text\">Bev\u00f6lkerungsentwicklung in Bernburg bis 2030. Quelle: Wegweiser Kommune. Mit freundlicher Genehmigung der Bertelsmann Stiftung, G\u00fctersloh<\/figcaption><\/figure>\n<p>\u2026 durch, n\u00e4mlich die Antr\u00e4ge zum <a title=\"Eigenheime am Stadtrand statt \u201cFokus Saale\u201d ?\" href=\"http:\/\/www.boehlk.eu\/bernburger-freiheit\/2011\/10\/19\/eigenheime-am-stadtrand-statt-fokus-saale\/\">Teilabriss der Junkerssiedlung<\/a> und der anschlie\u00dfenden Freigabe zum Eigenheimbau. Keine Zustimmung fanden aber die Antr\u00e4ge der Gr\u00fcnen, von der Ausweitung der Bebauung auf die bisher als Kleing\u00e4rten genutzten Fl\u00e4chen abzusehen und keine Zustimmung fand auch der Antrag der Linken, den gesamten Beschluss auf die n\u00e4chste Stadtratssitzung zu verschieben.<\/p>\n<p><!--more--><\/p>\n<figure id=\"attachment_587\" aria-describedby=\"caption-attachment-587\" style=\"width: 300px\" class=\"wp-caption alignright\"><a href=\"http:\/\/www.boehlk.eu\/bernburger-freiheit\/files\/2011\/06\/Sitzverteilung-im-Stadtrat-nach-2010.png\" data-rel=\"lightbox-image-0\" data-rl_title=\"\" data-rl_caption=\"\"><img loading=\"lazy\" decoding=\"async\" class=\"size-medium wp-image-587\" title=\"\" src=\"http:\/\/www.boehlk.eu\/bernburger-freiheit\/files\/2011\/06\/Sitzverteilung-im-Stadtrat-nach-2010-300x219.png\" alt=\"Aktuelle Sitzverteilung im Bernburger Stadtrat nach den Eingemeindungen 2010\" width=\"300\" height=\"219\" srcset=\"https:\/\/www.boehlk.eu\/bernburger-freiheit\/files\/2011\/06\/Sitzverteilung-im-Stadtrat-nach-2010-300x219.png 300w, https:\/\/www.boehlk.eu\/bernburger-freiheit\/files\/2011\/06\/Sitzverteilung-im-Stadtrat-nach-2010.png 500w\" sizes=\"auto, (max-width: 300px) 100vw, 300px\" \/><\/a><figcaption id=\"caption-attachment-587\" class=\"wp-caption-text\">Aktuelle Sitzverteilung im Bernburger Stadtrat nach den Eingemeindungen 2010 (Quelle)<\/figcaption><\/figure>\n<p>Nachdem der Stadtrat der Erh\u00f6hung der Grundsteuer in Bernburg ebenso zustimmte, wie der \u00dcbernahme der Mehrkosten beim Umbau des zuk\u00fcnftigen Rathauses IV in H\u00f6he von 420.000 \u20ac, kam bei den Tagesordnungspunkten zum Eigenheimbau am Stadtrand so etwas wie Parlaments-Feeling auf. Bauamtsleiter K\u00f6hncke gelang es mit einer \u00fcberzeugenden Begr\u00fcndung f\u00fcr den zuk\u00fcnftigen Bedarf nach Eigenheimbaupl\u00e4tzen auf Basis der bald anzunehmenden \u201eAufholprozesse\u201c zwischen Ost und West bei der Wohneigentumsquote die Abgeordneten scheinbar mehrheitlich zu \u00fcberzeugen.<\/p>\n<p>Eine Wohnraumbedarfsermittlung h\u00e4tte es bereits gegeben und bis zum 31.12.2013 wird eine neue Erhebung erstellt &#8211; auf diese Ank\u00fcndigung des Bauamtsleiters hin zogen die Gr\u00fcnen ihren Antrag f\u00fcr eine eben solche Untersuchung zur\u00fcck.<br \/>\nMan schrumpfe \u201e<a title=\"Baugrundst\u00fccke in Bernburg\" href=\"http:\/\/www.bernburg.de\/index.php?id=104270000263\" target=\"_blank\">konzentrisch<\/a>\u201c (K\u00f6hncke) im Rahmen des Stadtentwicklungskonzeptes, dem bereits seit Jahren die derzeit kursierenden Zahlen der Bertelsmann-Studie \u00fcber den anzunehmenden 20-prozentigen Bev\u00f6lkerungsschwund in der Saalestadt zugrunde l\u00e4gen. Gerd Klinz (FDP) hofft darauf, dass Bernburg auch einwohnerm\u00e4\u00dfig von seinem Status als Kreisstadt profitiert. Diese \u00c4u\u00dferung erinnerte mich zwangsl\u00e4ufig an meinen <a title=\"Achtung Satire: Zum heutigen MZ-Presseartikel \u201cVerwaltung plant radikalen Einschnitt beim Service\u201d\" href=\"http:\/\/www.boehlk.eu\/bernburger-freiheit\/2011\/10\/26\/achtung-satire-zum-heutigen-mz-presseartikel-verwaltung-plant-radikalen-einschnitt-beim-service\/\" target=\"_blank\">satirisch gemeinten Text<\/a> zur aktuellen Entwicklung beim B\u00fcrgerservice des Salzlandkreises.<\/p>\n<p>Nebenbei erfuhr der interessierte Zuh\u00f6rer vom SPD-Fraktionsvorsitzenden Peter Eckert auch, dass es schon einmal eine Arbeitsgruppe zum demographischen Wandel in Bernburg gab, die aber nicht fortgesetzt wurde. Scheinbar sind alle Probleme ja nun (in der Planung) bereits gel\u00f6st! Eben nur die Eigenheimbaupl\u00e4tze fehlen noch!<br \/>\nBei einem sp\u00e4teren Tagesordnungspunkt wurde aber doch klar, dass es in Bernburg demographische Schwierigkeiten gibt, n\u00e4mlich bei den Kleingartensparten. Wirtschaftsdezernent Holger Dittrich f\u00fchrte aber positive Aspekte aus, die sich nach der \u201eAbr\u00e4umung\u201c der verwaisten Kleing\u00e4rten beispielsweise als \u00dcberflutungsfl\u00e4chen erg\u00e4ben. Alles im Plan also.<\/p>\n<p>Doch zur\u00fcck zur Stadtrandbebauung. Neben von den Gr\u00fcnen in die Diskussion eingebrachten \u00f6kologischen Aspekten blieb der Abgeordneten der Linken, Frau Dr. Trensch, ein kurzer Hinweis vorbehalten, doch in Anbetracht drohender Altersarmut einmal dar\u00fcber nachzudenken, ob bei der Eigenheim-Planung auch an sozial benachteiligte Gruppen gedacht werde. Leider wurde dieser wichtige Aspekt aber nicht weiter verfolgt.<\/p>\n<p>F\u00fcr regelm\u00e4\u00dfige &#8220;dramaturgische Impulse&#8221; bei der Debatte sorgten in bekannter Weise wieder die Vertreter der ehemaligen Spa\u00dfpartei FDP durch emotionale Vollblutauftritte. Besonders die Entladung des Fraktionsvorsitzenden Hagen-Eike Hortian gegen den Vertreter der Gr\u00fcnen, Dr. Wolfgang Pilz, h\u00e4tte keiner akustischen Verst\u00e4rkung durch eine Mikrofonanlage bedurft.<\/p>\n<p>W\u00e4hrend sich der Bernburger Ortsverband der FDP aufgrund seiner zahlreichen lokalpolitischen Projekte hervortut (siehe dazu die Webseite), nehmen seine Vertreter bei der Stadtratssitzung in professioneller Form an jeder Kleinigkeit Anteil, z.B. durch wohlwollende \u201eUnterst\u00fctzungsgesten\u201c wenn der Stadtratskollege Eberhard Balzer (Linke) Probleme mit seinem Mikro hat.<\/p>\n<p>In Bernburg scheint also alles wie am Schn\u00fcrchen zu laufen: Schrumpfen und Neubauten, demographischer Wandel und Innenstadtverdichtung, alles ist bereits eingeplant.<\/p>\n<p>F\u00fcr mich als Besucher stellt sich dabei nur die Frage, warum es beispielsweise inmitten von Brachfl\u00e4chen in der d\u00fcnnbesiedelten Altstadt die im Jahr 2004 errichtete Kindertagesst\u00e4tte \u201eMarienk\u00e4fer\u201c erbaut und gleichzeitig eine in direkter Nachbarschaft zu den nun geplanten, zuk\u00fcnftigen Wohngebieten f\u00fcr junge Familien am Ke\u00dflerturm vorhandene Einrichtung geschlossen wurde.<\/p>\n<p>Aber es gibt ja noch die Initiative \u201eBernburg bewegt\u201c und irgendwie m\u00fcssen wir ja die zuk\u00fcnftigen Neusiedler in den Stadtkern locken &#8211; es ist eben alles schon geplant!<\/p>\n<p><a title=\"Wegweiser Kommune\" href=\"http:\/\/www.wegweiser-kommune.de\/\" target=\"_blank\"><img loading=\"lazy\" decoding=\"async\" class=\"alignnone size-medium wp-image-988\" title=\"Logo-Bertelsmann-Stiftung\" src=\"http:\/\/www.boehlk.eu\/bernburger-freiheit\/files\/2011\/10\/Logo-Bertelsmann-Stiftung-300x38.png\" alt=\"Logo-Bertelsmann-Stiftung\" width=\"300\" height=\"38\" srcset=\"https:\/\/www.boehlk.eu\/bernburger-freiheit\/files\/2011\/10\/Logo-Bertelsmann-Stiftung-300x38.png 300w, https:\/\/www.boehlk.eu\/bernburger-freiheit\/files\/2011\/10\/Logo-Bertelsmann-Stiftung.png 500w\" sizes=\"auto, (max-width: 300px) 100vw, 300px\" \/><\/a><\/p>\n<p><em>Mehr Informationen zu den demographischen Aussichten f\u00fcr Bernburg und die M\u00f6glichkeit zum direkten interaktiven Vergleich mit anderen Standorten gibt es im &#8220;<a title=\"Wegweiser Kommune\" href=\"http:\/\/www.wegweiser-kommune.de\/\" target=\"_blank\">Wegweiser Kommune<\/a>&#8221; der Bertelsmann-Stiftung.<\/em><\/p>\n<h3><strong>Material zum Nach- und Weiterlesen<\/strong><\/h3>\n<p>&#8230; auch f\u00fcr Mitarbeiter der Stadtverwaltung und Stadtratsmitglieder \ud83d\ude09 &#8230;<\/p>\n<ul>\n<li><a title=\"Wohnungsm\u00e4rkte im Wandel\" href=\"http:\/\/www.wegweiser-kommune.de\/themenkonzepte\/sozialelage\/download\/pdf\/Wohnunungsmaerkte_im_Wandel.pdf\" target=\"_blank\">Wohnungsm\u00e4rkte im Wandel<\/a>, Autorin:\u00a0Prof. Dr. Ruth Rohr-Z\u00e4nker, STADTREGION, B\u00fcro f\u00fcr Raumanalysen und Beratung, Hannover<\/li>\n<li><a title=\"Lokale und regionale Infrastrukturplanung\" href=\"http:\/\/www.wegweiser-kommune.de\/themenkonzepte\/demographie\/download\/pdf\/Lokale_und_regionale_Infrastrukturplanung.pdf\" target=\"_blank\">Lokale und regionale Infrastrukturplanung<\/a>, Autorin:\u00a0Martina Kocks, Bundesamt f\u00fcr Bauwesen und Raumordnung, Bonn<\/li>\n<li><a title=\"Chancen des Schrumpfens \u2013 Stadtumbau als kommunale Gestaltungsaufgabe\" href=\"http:\/\/www.wegweiser-kommune.de\/themenkonzepte\/demographie\/download\/pdf\/Chancen_des_Schrumpfens.pdf\" target=\"_blank\">Chancen des Schrumpfens \u2013 Stadtumbau als kommunale Gestaltungsaufgabe<\/a>, Autoren: Thorsten Wiechmann, Technische Universit\u00e4t Dresden und Stefan Siedentop, Universit\u00e4t Stuttgart<\/li>\n<\/ul>\n<div><a title=\"Konzepte &amp; Infos\" href=\"http:\/\/www.wegweiser-kommune.de\/themenkonzepte\/demographie\/Demographie.action?renderStudien&amp;redirect=false\" target=\"_blank\">Und noch vieles mehr zum Thema Demographie und kommunale Planung&#8230;<\/a><\/div>\n<h3><strong>Stellungnahmen der Stadtratsfraktionen zur Problematik<\/strong><\/h3>\n<ul>\n<li><a title=\"Reaktion der Stadtratsfraktion DIE LINKE auf Fragen zum Eigenheim-Neubau am Stadtrand\" href=\"http:\/\/www.boehlk.eu\/bernburger-freiheit\/2011\/10\/24\/reaktion-der-stadtratsfraktion-die-linke-auf-fragen-zum-eigenheim-neubau-am-stadtrand\/\" target=\"_blank\">Reaktion der Stadtratsfraktion DIE LINKE auf Fragen zum Eigenheim-Neubau am Stadtrand<\/a><\/li>\n<li><a title=\"Stellungnahme und  Antr\u00e4ge der Gr\u00fcnen zum Stadtrat am 26.10.11\" href=\"http:\/\/www.boehlk.eu\/bernburger-freiheit\/2011\/10\/27\/stellungsnahme-und-antrage-der-grunen-zum-stadtrat-am-26-10-11\/\" target=\"_blank\">Stellungnahme und Antr\u00e4ge der Gr\u00fcnen zum Stadtrat am 26.10.11<\/a><\/li>\n<\/ul>\n\n","protected":false},"excerpt":{"rendered":"<p>\u2026 durch, n\u00e4mlich die Antr\u00e4ge zum Teilabriss der Junkerssiedlung und der anschlie\u00dfenden Freigabe zum Eigenheimbau. Keine Zustimmung fanden aber die Antr\u00e4ge der Gr\u00fcnen, von der Ausweitung der Bebauung auf die bisher als Kleing\u00e4rten genutzten Fl\u00e4chen abzusehen und keine Zustimmung fand auch der Antrag der Linken, den gesamten Beschluss auf die n\u00e4chste Stadtratssitzung zu verschieben.<\/p>\n","protected":false},"author":1,"featured_media":969,"comment_status":"open","ping_status":"open","sticky":false,"template":"","format":"standard","meta":{"footnotes":""},"categories":[1,25,68],"tags":[7,20,10,11,21],"class_list":["post-968","post","type-post","status-publish","format-standard","has-post-thumbnail","hentry","category-allgemein","category-lokalpolitische-szene","category-stadtplanung","tag-bernburg","tag-stadtplanung","tag-stadtverwaltung","tag-zukunft","tag-zukunftsplanung"],"aioseo_notices":[],"_links":{"self":[{"href":"https:\/\/www.boehlk.eu\/bernburger-freiheit\/wp-json\/wp\/v2\/posts\/968","targetHints":{"allow":["GET"]}}],"collection":[{"href":"https:\/\/www.boehlk.eu\/bernburger-freiheit\/wp-json\/wp\/v2\/posts"}],"about":[{"href":"https:\/\/www.boehlk.eu\/bernburger-freiheit\/wp-json\/wp\/v2\/types\/post"}],"author":[{"embeddable":true,"href":"https:\/\/www.boehlk.eu\/bernburger-freiheit\/wp-json\/wp\/v2\/users\/1"}],"replies":[{"embeddable":true,"href":"https:\/\/www.boehlk.eu\/bernburger-freiheit\/wp-json\/wp\/v2\/comments?post=968"}],"version-history":[{"count":30,"href":"https:\/\/www.boehlk.eu\/bernburger-freiheit\/wp-json\/wp\/v2\/posts\/968\/revisions"}],"predecessor-version":[{"id":1888,"href":"https:\/\/www.boehlk.eu\/bernburger-freiheit\/wp-json\/wp\/v2\/posts\/968\/revisions\/1888"}],"wp:featuredmedia":[{"embeddable":true,"href":"https:\/\/www.boehlk.eu\/bernburger-freiheit\/wp-json\/wp\/v2\/media\/969"}],"wp:attachment":[{"href":"https:\/\/www.boehlk.eu\/bernburger-freiheit\/wp-json\/wp\/v2\/media?parent=968"}],"wp:term":[{"taxonomy":"category","embeddable":true,"href":"https:\/\/www.boehlk.eu\/bernburger-freiheit\/wp-json\/wp\/v2\/categories?post=968"},{"taxonomy":"post_tag","embeddable":true,"href":"https:\/\/www.boehlk.eu\/bernburger-freiheit\/wp-json\/wp\/v2\/tags?post=968"}],"curies":[{"name":"wp","href":"https:\/\/api.w.org\/{rel}","templated":true}]}}