{"id":878,"date":"2011-09-24T22:41:41","date_gmt":"2011-09-24T20:41:41","guid":{"rendered":"http:\/\/www.boehlk.eu\/bernburger-freiheit\/?p=878"},"modified":"2013-11-19T19:28:01","modified_gmt":"2013-11-19T18:28:01","slug":"schloss-kothen-soll-zu-einem-zentrum-anhalts-werden-und-bernburg-verschlaft-seine-chancen","status":"publish","type":"post","link":"https:\/\/www.boehlk.eu\/bernburger-freiheit\/2011\/09\/24\/schloss-kothen-soll-zu-einem-zentrum-anhalts-werden-und-bernburg-verschlaft-seine-chancen\/","title":{"rendered":"Schloss K\u00f6then soll zu einem Zentrum Anhalts werden und Bernburg verschl\u00e4ft seine Chancen"},"content":{"rendered":"<p>W\u00e4hrend man in Bernburg zwar im Schlo\u00df kr\u00e4ftig baut, niemand aber offiziell \u00fcber ein Gesamtkonzept f\u00fcr die Anlage verf\u00fcgt, macht man in K\u00f6then N\u00e4gel mit K\u00f6pfen.<\/p>\n<p>In einem Neubau im K\u00f6thener Schlo\u00df soll ein zentraler touristischer &#8220;Anlaufpunkt f\u00fcr die Region Anhalt&#8221; entstehen. Die Chancen f\u00fcr eine Finanzierung des Bauvorhabens stehen <a title=\"MZ-Artikel: Informations-Zentrale f\u00fcr Anhalt vom 20.09.2011\" href=\"http:\/\/www.mz-web.de\/servlet\/ContentServer?pagename=ksta\/page&amp;atype=ksArtikel&amp;aid=1315819394411\" target=\"_blank\">nach Presseangaben<\/a> nicht schlecht.<\/p>\n<p><!--more--><\/p>\n<figure id=\"attachment_882\" aria-describedby=\"caption-attachment-882\" style=\"width: 300px\" class=\"wp-caption alignright\"><a href=\"http:\/\/www.boehlk.eu\/bernburger-freiheit\/files\/2011\/09\/schloss-bernburg-bauarbeiten24092011.jpg\" data-rel=\"lightbox-image-0\" data-rl_title=\"\" data-rl_caption=\"\"><img loading=\"lazy\" decoding=\"async\" class=\"size-medium wp-image-882\" title=\"\" src=\"http:\/\/www.boehlk.eu\/bernburger-freiheit\/files\/2011\/09\/schloss-bernburg-bauarbeiten24092011-300x199.jpg\" alt=\"\" width=\"300\" height=\"199\" srcset=\"https:\/\/www.boehlk.eu\/bernburger-freiheit\/files\/2011\/09\/schloss-bernburg-bauarbeiten24092011-300x199.jpg 300w, https:\/\/www.boehlk.eu\/bernburger-freiheit\/files\/2011\/09\/schloss-bernburg-bauarbeiten24092011-452x300.jpg 452w, https:\/\/www.boehlk.eu\/bernburger-freiheit\/files\/2011\/09\/schloss-bernburg-bauarbeiten24092011.jpg 600w\" sizes=\"auto, (max-width: 300px) 100vw, 300px\" \/><\/a><figcaption id=\"caption-attachment-882\" class=\"wp-caption-text\">Bauen ohne Gesamtkonzept? Schloss Bernburg<\/figcaption><\/figure>\n<p>Nach der Errichtung eines Veranstaltungssaales in der ehemaligen Reithalle w\u00e4re der Ersatzneubau die zweite Gro\u00dfinvestition im Schlossensemble der Bachstadt.<\/p>\n<p>Auch beim K\u00f6thener IBA-Projekt orientierte man sich mit dem Thema &#8220;Hom\u00f6opathie als Entwicklungskraft&#8221; an der regionalen Tradition und verband dabei geschickt eine wichtige historische Pers\u00f6nlichkeit der Stadtgeschichte, Samuel Hahnemann, mit einem \u00fcberregionalen F\u00f6rderprojekt mit gro\u00dfer \u00d6ffentlichkeitswirkung.<\/p>\n<p>In Bernburg hingegen, wo gerade wichtige arch\u00e4ologische Befunde durch die IBA-Baustelle des Campus Technicus <a title=\"MZ-Artikel: Im Wettlauf mit der Zeit vom 07.09.2011\" href=\"http:\/\/www.mz-web.de\/servlet\/ContentServer?pagename=ksta\/page&amp;atype=ksArtikel&amp;aid=1313175821544\" target=\"_blank\">undokumentiert zerst\u00f6rt wurden<\/a>, tut man sich schwer, Historie und Bauprojekte in einem schlagkr\u00e4ftigen Konzept zusammenzuf\u00fchren und dabei auch die Bev\u00f6lkerung und das Thema Anhalt mit einzubinden.<\/p>\n<p>Dabei h\u00e4tte Bernburg durchaus mit seinem Schlo\u00df Potentiale, eine gewichtige Rolle beim Thema Anhalt 800 und dem Reformationsjubil\u00e4um 2017 zu spielen: Der Bau der &#8220;Leuchte&#8221; und die einzigartige Relieftafel des Renaissancebaumeisters Andreas G\u00fcnther k\u00f6nnten das Bernburger Schlo\u00df zum \u00fcberregional bedeutenden Ausstellungsort zum Thema &#8220;F\u00fcrstenreformation&#8221; machen.<\/p>\n<p>[wpfilebase tag=file id=7 tpl=imagelinkrechts180]Die Bernburger Stadtverwaltung br\u00e4uchte daf\u00fcr nicht einmal konzeptionell bei null anfangen. F\u00fcr eine im Auftrag der Kulturstiftung Bernburg erarbeitete Rahmenkonzeption mit dem Titel &#8220;<a href=\"[wpfilebase tag=fileurl id=7]\">Renaissance als Chance<\/a>&#8221; liegen Stellungnahmen namhafter Kunsthistoriker und Museumsleute in Sachsen Anhalt vor.<\/p>\n<p>Allein die verantwortlichen Entscheidungstr\u00e4ger ignorierten bisher den Vorschlag, wenigstens den Raum der &#8220;Tafelstube\u201c im Untergeschoss der Leuchte des Schlosses Bernburg im Jahr 2017 als Korrespondenzstandort in ein \u00fcberregionales Ausstellungsprojekt zum Thema &#8220;500 Jahre Reformation&#8221; einzubringen und somit die einmalige Chance f\u00fcr eine \u00fcberregionale Etablierung als Ausstellungsort zu nutzen.<\/p>\n<p>Stattdessen wird der <a title=\"MZ-Artikel \u00dcbertragung an die Stadt steht bevor vom 23.08.2011\" href=\"http:\/\/www.mz-web.de\/servlet\/ContentServer?pagename=ksta\/page&amp;atype=ksArtikel&amp;aid=1313175802337\" target=\"_blank\">Termin der Wiedernutzung<\/a> des Langhauses auf den St. Nimmerleinstag verschoben.<\/p>\n<p>Scheinbar fehlt es, \u00e4hnlich wie bei der Bernburger Stadtplanung, auch beim Umgang mit dem Schlo\u00df an kraftvollen und kreativen Visionen, die historische Gegebenheiten nutzbringend mit zuk\u00fcnftigen Perspektiven verbinden k\u00f6nnen, um daraus Vorteile f\u00fcr den Standort Bernburg abzuleiten.<\/p>\n<p>K\u00f6thens ambitionierte Pl\u00e4ne zeigen unserer Stadt einmal mehr, dass man hier eine wichtige Entwicklung zu verschlafen droht.<\/p>\n\n","protected":false},"excerpt":{"rendered":"<p>W\u00e4hrend man in Bernburg zwar im Schlo\u00df kr\u00e4ftig baut, niemand aber offiziell \u00fcber ein Gesamtkonzept f\u00fcr die Anlage verf\u00fcgt, macht man in K\u00f6then N\u00e4gel mit K\u00f6pfen. In einem Neubau im K\u00f6thener Schlo\u00df soll ein zentraler touristischer &#8220;Anlaufpunkt f\u00fcr die Region Anhalt&#8221; entstehen. Die Chancen f\u00fcr eine Finanzierung des Bauvorhabens stehen nach Presseangaben nicht schlecht.<\/p>\n","protected":false},"author":1,"featured_media":0,"comment_status":"open","ping_status":"open","sticky":false,"template":"","format":"standard","meta":{"footnotes":""},"categories":[1,46],"tags":[27,26],"class_list":["post-878","post","type-post","status-publish","format-standard","hentry","category-allgemein","category-kultur","tag-anhalt","tag-schloss-bernburg"],"aioseo_notices":[],"_links":{"self":[{"href":"https:\/\/www.boehlk.eu\/bernburger-freiheit\/wp-json\/wp\/v2\/posts\/878","targetHints":{"allow":["GET"]}}],"collection":[{"href":"https:\/\/www.boehlk.eu\/bernburger-freiheit\/wp-json\/wp\/v2\/posts"}],"about":[{"href":"https:\/\/www.boehlk.eu\/bernburger-freiheit\/wp-json\/wp\/v2\/types\/post"}],"author":[{"embeddable":true,"href":"https:\/\/www.boehlk.eu\/bernburger-freiheit\/wp-json\/wp\/v2\/users\/1"}],"replies":[{"embeddable":true,"href":"https:\/\/www.boehlk.eu\/bernburger-freiheit\/wp-json\/wp\/v2\/comments?post=878"}],"version-history":[{"count":15,"href":"https:\/\/www.boehlk.eu\/bernburger-freiheit\/wp-json\/wp\/v2\/posts\/878\/revisions"}],"predecessor-version":[{"id":1900,"href":"https:\/\/www.boehlk.eu\/bernburger-freiheit\/wp-json\/wp\/v2\/posts\/878\/revisions\/1900"}],"wp:attachment":[{"href":"https:\/\/www.boehlk.eu\/bernburger-freiheit\/wp-json\/wp\/v2\/media?parent=878"}],"wp:term":[{"taxonomy":"category","embeddable":true,"href":"https:\/\/www.boehlk.eu\/bernburger-freiheit\/wp-json\/wp\/v2\/categories?post=878"},{"taxonomy":"post_tag","embeddable":true,"href":"https:\/\/www.boehlk.eu\/bernburger-freiheit\/wp-json\/wp\/v2\/tags?post=878"}],"curies":[{"name":"wp","href":"https:\/\/api.w.org\/{rel}","templated":true}]}}