{"id":2130,"date":"2014-01-10T09:42:49","date_gmt":"2014-01-10T08:42:49","guid":{"rendered":"http:\/\/www.boehlk.eu\/bernburger-freiheit\/?p=2130"},"modified":"2014-01-14T19:37:10","modified_gmt":"2014-01-14T18:37:10","slug":"isek-entwurf-im-internet-21-tage-sollen-fuer-buerger-reichen","status":"publish","type":"post","link":"https:\/\/www.boehlk.eu\/bernburger-freiheit\/2014\/01\/10\/isek-entwurf-im-internet-21-tage-sollen-fuer-buerger-reichen\/","title":{"rendered":"ISEK-Entwurf im Internet: 21 Tage sollen f\u00fcr B\u00fcrger reichen"},"content":{"rendered":"<h2>ISEK-Entwurf im Internet: 21 Tage sollen f\u00fcr B\u00fcrger reichen<\/h2>\n<p><strong>306 Tage : 21 Tage.<\/strong> Was f\u00fcr ein Verh\u00e4ltnis! Die Stadtverwaltung Bernburg gibt uns B\u00fcrgern nun 21 Tage Zeit &#8211; nachdem man dort vom 31.01.2013 bis zum 03.12.2013, also 306 Tage, geschlafen hat! Einen Bearbeitungszeitraum von 12 bis 18 Monaten schl\u00e4gt das Bundesministerium f\u00fcr ein ISEK-Stadtentwicklungskonzept vor!<\/p>\n<p><a title=\"ISEK auf der Webseite der Stadtverwaltung Bernburg\" href=\"http:\/\/www.bernburg.de\/index.php?cid=104270013682\" target=\"_blank\">Der ISEK-Entwurf auf der Webseite der Stadtverwaltung Bernburg&#8230;<\/a><\/p>\n\n","protected":false},"excerpt":{"rendered":"<p>ISEK-Entwurf im Internet: 21 Tage sollen f\u00fcr B\u00fcrger reichen 306 Tage : 21 Tage. Was f\u00fcr ein Verh\u00e4ltnis! Die Stadtverwaltung Bernburg gibt uns B\u00fcrgern nun 21 Tage Zeit &#8211; nachdem man dort vom 31.01.2013 bis zum 03.12.2013, also 306 Tage, geschlafen hat! Einen Bearbeitungszeitraum von 12 bis 18 Monaten schl\u00e4gt das Bundesministerium f\u00fcr ein ISEK-Stadtentwicklungskonzept &hellip; <a href=\"https:\/\/www.boehlk.eu\/bernburger-freiheit\/2014\/01\/10\/isek-entwurf-im-internet-21-tage-sollen-fuer-buerger-reichen\/\" class=\"more-link\"><span class=\"screen-reader-text\">ISEK-Entwurf im Internet: 21 Tage sollen f\u00fcr B\u00fcrger reichen<\/span> weiterlesen <span class=\"meta-nav\">&rarr;<\/span><\/a><\/p>\n","protected":false},"author":1,"featured_media":0,"comment_status":"open","ping_status":"open","sticky":false,"template":"","format":"aside","meta":{"footnotes":""},"categories":[54,68],"tags":[],"class_list":["post-2130","post","type-post","status-publish","format-aside","hentry","category-isekdiskussion","category-stadtplanung","post_format-post-format-aside"],"aioseo_notices":[],"_links":{"self":[{"href":"https:\/\/www.boehlk.eu\/bernburger-freiheit\/wp-json\/wp\/v2\/posts\/2130","targetHints":{"allow":["GET"]}}],"collection":[{"href":"https:\/\/www.boehlk.eu\/bernburger-freiheit\/wp-json\/wp\/v2\/posts"}],"about":[{"href":"https:\/\/www.boehlk.eu\/bernburger-freiheit\/wp-json\/wp\/v2\/types\/post"}],"author":[{"embeddable":true,"href":"https:\/\/www.boehlk.eu\/bernburger-freiheit\/wp-json\/wp\/v2\/users\/1"}],"replies":[{"embeddable":true,"href":"https:\/\/www.boehlk.eu\/bernburger-freiheit\/wp-json\/wp\/v2\/comments?post=2130"}],"version-history":[{"count":2,"href":"https:\/\/www.boehlk.eu\/bernburger-freiheit\/wp-json\/wp\/v2\/posts\/2130\/revisions"}],"predecessor-version":[{"id":2134,"href":"https:\/\/www.boehlk.eu\/bernburger-freiheit\/wp-json\/wp\/v2\/posts\/2130\/revisions\/2134"}],"wp:attachment":[{"href":"https:\/\/www.boehlk.eu\/bernburger-freiheit\/wp-json\/wp\/v2\/media?parent=2130"}],"wp:term":[{"taxonomy":"category","embeddable":true,"href":"https:\/\/www.boehlk.eu\/bernburger-freiheit\/wp-json\/wp\/v2\/categories?post=2130"},{"taxonomy":"post_tag","embeddable":true,"href":"https:\/\/www.boehlk.eu\/bernburger-freiheit\/wp-json\/wp\/v2\/tags?post=2130"}],"curies":[{"name":"wp","href":"https:\/\/api.w.org\/{rel}","templated":true}]}}