{"id":1745,"date":"2013-10-07T22:51:15","date_gmt":"2013-10-07T20:51:15","guid":{"rendered":"http:\/\/www.boehlk.eu\/bernburger-freiheit\/?p=1745"},"modified":"2013-11-19T19:15:10","modified_gmt":"2013-11-19T18:15:10","slug":"allianz-infoveranstaltung-dwd-wetterexperte-referierte-im-kino-capitol-zum-klimawandel","status":"publish","type":"post","link":"https:\/\/www.boehlk.eu\/bernburger-freiheit\/2013\/10\/07\/allianz-infoveranstaltung-dwd-wetterexperte-referierte-im-kino-capitol-zum-klimawandel\/","title":{"rendered":"Allianz-Infoveranstaltung: DWD Wetterexperte referierte im Kino &#8220;Capitol&#8221; zum Klimawandel"},"content":{"rendered":"<figure id=\"attachment_1746\" aria-describedby=\"caption-attachment-1746\" style=\"width: 253px\" class=\"wp-caption alignright\"><a href=\"http:\/\/www.boehlk.eu\/bernburger-freiheit\/files\/2013\/10\/Gerhard-Lux-dwd.jpg\" data-rel=\"lightbox-image-0\" data-rl_title=\"\" data-rl_caption=\"\" title=\"\"><img loading=\"lazy\" decoding=\"async\" class=\"size-medium wp-image-1746\" alt=\"Der Referent Gerhard Lux, Pressesprecher (Fachpresse) beim Deutscher Wetterdienst (Foto: DWD)\" src=\"http:\/\/www.boehlk.eu\/bernburger-freiheit\/files\/2013\/10\/Gerhard-Lux-dwd-253x300.jpg\" width=\"253\" height=\"300\" srcset=\"https:\/\/www.boehlk.eu\/bernburger-freiheit\/files\/2013\/10\/Gerhard-Lux-dwd-253x300.jpg 253w, https:\/\/www.boehlk.eu\/bernburger-freiheit\/files\/2013\/10\/Gerhard-Lux-dwd-254x300.jpg 254w, https:\/\/www.boehlk.eu\/bernburger-freiheit\/files\/2013\/10\/Gerhard-Lux-dwd.jpg 400w\" sizes=\"auto, (max-width: 253px) 100vw, 253px\" \/><\/a><figcaption id=\"caption-attachment-1746\" class=\"wp-caption-text\">Der Referent Gerhard Lux, Pressesprecher (Fachpresse) beim Deutscher Wetterdienst (Foto: DWD)<\/figcaption><\/figure>\n<p><b id=\"docs-internal-guid-6a336d24-9406-87ec-bb08-83e0da60f598\">Alle reden \u00fcber das Wetter. In Bernburg m\u00f6chte dies aber scheinbar niemand mit einem Experten tun! <\/b><\/p>\n<p>In einer von der Allianz-Versicherung organisierten Informationsveranstaltung referierte am 07.10.2013 um 17:00 Uhr Gerhard Lux, der Pressesprecher des Deutschen Wetterdienstes, zum Thema \u201cIst unser Klima noch zu retten?\u201d<\/p>\n<p>Dabei konnte die nur in einer sehr \u00fcberschaubaren Zahl erschienenen Zuh\u00f6rer viele interessante Fakten \u00fcber das Klima, Wetter und die Auswirkungen der Erderw\u00e4rmung auf die H\u00e4ufigkeit von folgenreichen Wettererscheinungen erfahren.<\/p>\n<p><!--more--><\/p>\n<p>Einen Schwerpunkt der Veranstaltung bildete folgerichtig auch das Thema Hochwasser und seine Ursachen. Dabei wurde vom Referenten auch besonders auf die Situation im Mai und Juni 2013 eingegangen.<\/p>\n<p>Einen f\u00fcr unsere Region wichtigen Punkt betraf die Einsch\u00e4tzung des Experten, dass die H\u00e4ufigkeit der f\u00fcr das Sommerhochwasser 2013 verantwortlichen Gro\u00dfwetterlage mit der Bezeichnung \u201cTief Mitteleuropa\u201d in den letzten Jahrzehnten zugenommen hat. In Zusammenhang mit einer hohen Bodens\u00e4ttigung f\u00fchrten die durch diese Konstellation \u00fcber l\u00e4ngere Zeitr\u00e4ume konstant hohen Niederschlagsmengen im Einzugsgebiet der Saale zu den gro\u00dffl\u00e4chigen \u00dcberschwemmungen dieses Fr\u00fchjahres.\u00a0Insbesondere der Hinweis des Referenten, dass es ja trotz der damals noch vorhandenen \u00dcberflutungsr\u00e4ume der unausgebauten Fl\u00fcsse bei historischen Hochwasserereignissen zu weit h\u00f6heren Pegelst\u00e4nden als bei der Katastrophe im Jahr 2013 kam, stimmt in Hinblick auf die maximal m\u00f6glichen Niederschlagsmengen in der Region bedenklich.<\/p>\n<p>Vor dem Hintergrund der anhaltenden Erw\u00e4rmung des Weltklimas pl\u00e4dierte Gerhard Lux f\u00fcr die weitere Verringerung der Treibhausgase und den Ausbau erneuerbarer Energien nach dem Motto \u201cglobal denken &#8211; lokal handeln\u201d.<\/p>\n<p>Praktisch schlug der Experte einen \u201cKlimawandel-Zuschlag\u201d von 15% auf entw\u00e4ssernde Infrastruktureinrichtungen vor. Eine wichtige Kenngr\u00f6\u00dfe, die auch bei Planungen von Hochwasserschutzeinrichtungen in Sachsen-Anhalt eine Rolle spielen sollte.<\/p>\n<p>Leider nutzten nur wenige Bernburger Einwohner die Chance, einen prominenten Wetterexperten von Angesicht zu Angesicht zum \u201cGespr\u00e4chsthema Nummer eins\u201d befragen zu k\u00f6nnen. Die kompetent besetzte Veranstaltung h\u00e4tte eine gr\u00f6\u00dfere Resonanz &#8211; auch vonseiten der zust\u00e4ndigen Planungsfachleute in Stadt- und Landkreis &#8211; durchaus verdient gehabt.<\/p>\n<ul>\n<li><a title=\"R\u00fcckschau auf die Saaleflut 2013\" href=\"http:\/\/www.boehlk.eu\/bernburger-freiheit\/2013\/07\/02\/bernburg-hochwasser-2013-teil1\/\">Nach dem Hochwasser ist vor dem Hochwasser \u2013 die Saaleflut 2013<\/a><\/li>\n<\/ul>\n\n","protected":false},"excerpt":{"rendered":"<p>Am 07.10.2013 veranstaltete die Allianz-Versicherung eine Vortragsveranstaltung zum Thema Klimawandel. Der DWD Pressesprecher im Bereich Fachpresse beim Deutscher Wetterdienst, Gerhard Lux referierte zum Thema. Trotz des interessanten Themas fanden sich nur wenige Zuh\u00f6rer im Saale Bernburger Capitol-Kinos ein.<\/p>\n","protected":false},"author":1,"featured_media":0,"comment_status":"open","ping_status":"open","sticky":false,"template":"","format":"standard","meta":{"footnotes":""},"categories":[1,45],"tags":[7,31,29,20,35,30,11,21],"class_list":["post-1745","post","type-post","status-publish","format-standard","hentry","category-allgemein","category-oeko","tag-bernburg","tag-burgerbeteiligung","tag-okologie","tag-stadtplanung","tag-talstadt","tag-umwelt","tag-zukunft","tag-zukunftsplanung"],"aioseo_notices":[],"_links":{"self":[{"href":"https:\/\/www.boehlk.eu\/bernburger-freiheit\/wp-json\/wp\/v2\/posts\/1745","targetHints":{"allow":["GET"]}}],"collection":[{"href":"https:\/\/www.boehlk.eu\/bernburger-freiheit\/wp-json\/wp\/v2\/posts"}],"about":[{"href":"https:\/\/www.boehlk.eu\/bernburger-freiheit\/wp-json\/wp\/v2\/types\/post"}],"author":[{"embeddable":true,"href":"https:\/\/www.boehlk.eu\/bernburger-freiheit\/wp-json\/wp\/v2\/users\/1"}],"replies":[{"embeddable":true,"href":"https:\/\/www.boehlk.eu\/bernburger-freiheit\/wp-json\/wp\/v2\/comments?post=1745"}],"version-history":[{"count":3,"href":"https:\/\/www.boehlk.eu\/bernburger-freiheit\/wp-json\/wp\/v2\/posts\/1745\/revisions"}],"predecessor-version":[{"id":1749,"href":"https:\/\/www.boehlk.eu\/bernburger-freiheit\/wp-json\/wp\/v2\/posts\/1745\/revisions\/1749"}],"wp:attachment":[{"href":"https:\/\/www.boehlk.eu\/bernburger-freiheit\/wp-json\/wp\/v2\/media?parent=1745"}],"wp:term":[{"taxonomy":"category","embeddable":true,"href":"https:\/\/www.boehlk.eu\/bernburger-freiheit\/wp-json\/wp\/v2\/categories?post=1745"},{"taxonomy":"post_tag","embeddable":true,"href":"https:\/\/www.boehlk.eu\/bernburger-freiheit\/wp-json\/wp\/v2\/tags?post=1745"}],"curies":[{"name":"wp","href":"https:\/\/api.w.org\/{rel}","templated":true}]}}