{"id":1081,"date":"2011-12-15T07:25:01","date_gmt":"2011-12-15T06:25:01","guid":{"rendered":"http:\/\/www.boehlk.eu\/bernburger-freiheit\/?p=1081"},"modified":"2013-11-19T19:19:08","modified_gmt":"2013-11-19T18:19:08","slug":"1081","status":"publish","type":"post","link":"https:\/\/www.boehlk.eu\/bernburger-freiheit\/2011\/12\/15\/1081\/","title":{"rendered":"Junge Union in Bernburg &#8211; Auswanderung erfordert Neuwahlen"},"content":{"rendered":"<p><strong>Junge Union in Bernburg &#8211; Auswanderung erfordert Neuwahlen<\/strong><\/p>\n<figure id=\"attachment_378\" aria-describedby=\"caption-attachment-378\" style=\"width: 300px\" class=\"wp-caption alignright\"><a href=\"http:\/\/www.boehlk.eu\/bernburger-freiheit\/files\/2011\/06\/mz-artikel-18062011.jpg\" data-rel=\"lightbox-image-0\" data-rl_title=\"\" data-rl_caption=\"\"><img loading=\"lazy\" decoding=\"async\" class=\"size-medium wp-image-378\" title=\"\" src=\"http:\/\/www.boehlk.eu\/bernburger-freiheit\/files\/2011\/06\/mz-artikel-18062011-300x163.jpg\" alt=\"MZ\" width=\"300\" height=\"163\" srcset=\"https:\/\/www.boehlk.eu\/bernburger-freiheit\/files\/2011\/06\/mz-artikel-18062011-300x164.jpg 300w, https:\/\/www.boehlk.eu\/bernburger-freiheit\/files\/2011\/06\/mz-artikel-18062011.jpg 403w\" sizes=\"auto, (max-width: 300px) 100vw, 300px\" \/><\/a><figcaption id=\"caption-attachment-378\" class=\"wp-caption-text\">Sabrina Grey, Jenny Prast und Detlef Mannich (CDU) (v.l.) diskutieren. MZ-Foto: E. P\u00fclicher<\/figcaption><\/figure>\n<p>Nun hat die Wegzugswelle junger Menschen auch die Spitze der Jugendorganisation der CDU im Salzlandkreis erfasst.<\/p>\n<p>Jenny Prast, die erst am 29.01.2011 zur Vorsitzenden der Jungen Union im Salzlandkreis gew\u00e4hlt wurde, ist nach Hessen gezogen. Die Jungpolitikerin galt als wichtiger Hoffnungstr\u00e4ger f\u00fcr den CDU Nachwuchs und war in den Spitzengremien verschiedener Jugendverb\u00e4nde t\u00e4tig.<\/p>\n<p>Jenny Prast unterst\u00fctzte aktiv meine Kampagne f\u00fcr ein Stadtviertel f\u00fcr junge Menschen in der Bernburger Freiheit.<\/p>\n<ul>\n<li><a title=\"MZ-Artikel vom 18.06.2011 \u2013 G\u00fcnstiger Wohnraum f\u00fcr junge Leute\" href=\"http:\/\/www.mz-web.de\/archiv\/Guenstiger-Wohnraum-fuer-junge-Leute\/HC-06-18-2011-578841FE-D1F0-4C6F-8567-C29635.htm\" target=\"_blank\">MZ-Artikel vom 18.06.2011<\/a> &#8220;G\u00fcnstiger Wohnraum f\u00fcr junge Leute&#8221;<\/li>\n<li><a title=\"MZ-Artikel &quot;Rote Haare, gro\u00dfe Ohrringe und Politkarriere im Blick&quot;\" href=\"http:\/\/www.mz-web.de\/servlet\/ContentServer?pagename=ksta\/page&amp;atype=ksArtikel&amp;aid=1300342770936\" target=\"_blank\">MZ-Artikel vom 24.03.2011<\/a> &#8220;Rote Haare, gro\u00dfe Ohrringe und Politkarriere im Blick&#8221;<\/li>\n<\/ul>\n\n","protected":false},"excerpt":{"rendered":"<p>Junge Union in Bernburg &#8211; Auswanderung erfordert Neuwahlen Nun hat die Wegzugswelle junger Menschen auch die Spitze der Jugendorganisation der CDU im Salzlandkreis erfasst. Jenny Prast, die erst am 29.01.2011 zur Vorsitzenden der Jungen Union im Salzlandkreis gew\u00e4hlt wurde, ist nach Hessen gezogen. Die Jungpolitikerin galt als wichtiger Hoffnungstr\u00e4ger f\u00fcr den CDU Nachwuchs und war &hellip; <a href=\"https:\/\/www.boehlk.eu\/bernburger-freiheit\/2011\/12\/15\/1081\/\" class=\"more-link\"><span class=\"screen-reader-text\">Junge Union in Bernburg &#8211; Auswanderung erfordert Neuwahlen<\/span> weiterlesen <span class=\"meta-nav\">&rarr;<\/span><\/a><\/p>\n","protected":false},"author":1,"featured_media":378,"comment_status":"open","ping_status":"open","sticky":false,"template":"","format":"aside","meta":{"footnotes":""},"categories":[1,46,25],"tags":[7,12,21],"class_list":["post-1081","post","type-post","status-publish","format-aside","has-post-thumbnail","hentry","category-allgemein","category-kultur","category-lokalpolitische-szene","tag-bernburg","tag-jugend","tag-zukunftsplanung","post_format-post-format-aside"],"aioseo_notices":[],"_links":{"self":[{"href":"https:\/\/www.boehlk.eu\/bernburger-freiheit\/wp-json\/wp\/v2\/posts\/1081","targetHints":{"allow":["GET"]}}],"collection":[{"href":"https:\/\/www.boehlk.eu\/bernburger-freiheit\/wp-json\/wp\/v2\/posts"}],"about":[{"href":"https:\/\/www.boehlk.eu\/bernburger-freiheit\/wp-json\/wp\/v2\/types\/post"}],"author":[{"embeddable":true,"href":"https:\/\/www.boehlk.eu\/bernburger-freiheit\/wp-json\/wp\/v2\/users\/1"}],"replies":[{"embeddable":true,"href":"https:\/\/www.boehlk.eu\/bernburger-freiheit\/wp-json\/wp\/v2\/comments?post=1081"}],"version-history":[{"count":5,"href":"https:\/\/www.boehlk.eu\/bernburger-freiheit\/wp-json\/wp\/v2\/posts\/1081\/revisions"}],"predecessor-version":[{"id":1884,"href":"https:\/\/www.boehlk.eu\/bernburger-freiheit\/wp-json\/wp\/v2\/posts\/1081\/revisions\/1884"}],"wp:featuredmedia":[{"embeddable":true,"href":"https:\/\/www.boehlk.eu\/bernburger-freiheit\/wp-json\/wp\/v2\/media\/378"}],"wp:attachment":[{"href":"https:\/\/www.boehlk.eu\/bernburger-freiheit\/wp-json\/wp\/v2\/media?parent=1081"}],"wp:term":[{"taxonomy":"category","embeddable":true,"href":"https:\/\/www.boehlk.eu\/bernburger-freiheit\/wp-json\/wp\/v2\/categories?post=1081"},{"taxonomy":"post_tag","embeddable":true,"href":"https:\/\/www.boehlk.eu\/bernburger-freiheit\/wp-json\/wp\/v2\/tags?post=1081"}],"curies":[{"name":"wp","href":"https:\/\/api.w.org\/{rel}","templated":true}]}}